{"id":107951,"date":"2026-08-18T23:05:29","date_gmt":"2026-08-19T02:05:29","guid":{"rendered":"https:\/\/infobarra.net.br\/?p=107951"},"modified":"2026-08-18T23:05:29","modified_gmt":"2026-08-19T02:05:29","slug":"rozvoj-cyklostezek-a-jejich-vyznam-pro-mestskou-mobilitu","status":"publish","type":"post","link":"https:\/\/infobarra.net.br\/index.php\/2026\/08\/18\/rozvoj-cyklostezek-a-jejich-vyznam-pro-mestskou-mobilitu\/","title":{"rendered":"Rozvoj cyklostezek a jejich v\u00fdznam pro m\u011bstskou mobilitu"},"content":{"rendered":"\n<p><h2>\u00davod<\/h2><p>V posledn\u00edch letech se v \u010cesk\u00e9 republice st\u00e1le v\u00edce diskutuje o rozvoji cyklostezek a jejich v\u00fdznamu pro m\u011bstskou mobilitu. Cyklostezky p\u0159edstavuj\u00ed nejen bezpe\u010dn\u00fd prostor pro cyklisty, ale tak\u00e9 p\u0159isp\u00edvaj\u00ed k ekologi\u010dt\u011bj\u0161\u00edmu zp\u016fsobu dopravy. Pro za\u010d\u00e1te\u010dn\u00edky, kte\u0159\u00ed se cht\u011bj\u00ed zapojit do cyklistiky jako alternativy k automobilov\u00e9 doprav\u011b, je d\u016fle\u017eit\u00e9 pochopit, jak cyklostezky funguj\u00ed a jak mohou zlep\u0161it kvalitu \u017eivota ve m\u011bstech. <a href=\"https:\/\/www.citychangers.cz\/\">CityChangers<\/a> Tento \u010dl\u00e1nek se zam\u011b\u0159\u00ed na kl\u00ed\u010dov\u00e9 aspekty rozvoje cyklostezek a jejich p\u0159\u00ednosy pro m\u011bstskou mobilitu.<\/p><h2>Kl\u00ed\u010dov\u00e9 koncepty a p\u0159ehled<\/h2><p>Cyklostezky jsou speci\u00e1ln\u011b vybudovan\u00e9 trasy ur\u010den\u00e9 pro cyklisty, kter\u00e9 odd\u011bluj\u00ed cyklisty od automobilov\u00e9ho provozu. Tento koncept m\u00e1 za c\u00edl zv\u00fd\u0161it bezpe\u010dnost cyklist\u016f a podpo\u0159it jejich vyu\u017e\u00edv\u00e1n\u00ed jako hlavn\u00edho prost\u0159edku dopravy. V \u010cesk\u00e9 republice se cyklostezky \u010dasto nach\u00e1zej\u00ed v m\u011bstsk\u00fdch oblastech, ale tak\u00e9 spojuj\u00ed m\u011bsta a vesnice, co\u017e usnad\u0148uje dopravu mezi nimi. D\u016fle\u017eit\u00fdm aspektem je tak\u00e9 to, \u017ee cyklostezky p\u0159isp\u00edvaj\u00ed k ochran\u011b \u017eivotn\u00edho prost\u0159ed\u00ed, nebo\u0165 sni\u017euj\u00ed emise sklen\u00edkov\u00fdch plyn\u016f a zne\u010di\u0161t\u011bn\u00ed ovzdu\u0161\u00ed.<\/p><h2>Hlavn\u00ed rysy a detaily<\/h2><p>Rozvoj cyklostezek zahrnuje n\u011bkolik kl\u00ed\u010dov\u00fdch komponent\u016f. Prvn\u00edm z nich je pl\u00e1nov\u00e1n\u00ed a design cyklostezek, kter\u00e9 mus\u00ed br\u00e1t v \u00favahu bezpe\u010dnost a pohodl\u00ed cyklist\u016f. D\u016fle\u017eit\u00e9 je tak\u00e9 zaji\u0161t\u011bn\u00ed spr\u00e1vn\u00e9ho zna\u010den\u00ed a osv\u011btlen\u00ed cyklostezek, aby byly dob\u0159e viditeln\u00e9 a bezpe\u010dn\u00e9 i za \u0161patn\u00fdch sv\u011bteln\u00fdch podm\u00ednek. Dal\u0161\u00edm aspektem je \u00fadr\u017eba cyklostezek, kter\u00e1 zahrnuje pravideln\u00e9 kontroly a opravy, aby se zajistila jejich funk\u010dnost a bezpe\u010dnost. V neposledn\u00ed \u0159ad\u011b je d\u016fle\u017eit\u00e9 zapojen\u00ed ve\u0159ejnosti do procesu pl\u00e1nov\u00e1n\u00ed, aby se zohlednily pot\u0159eby a n\u00e1zory cyklist\u016f.<\/p><h2>Praktick\u00e9 p\u0159\u00edklady a pou\u017eit\u00ed<\/h2><p>V \u010cesk\u00e9 republice existuje mnoho p\u0159\u00edklad\u016f \u00fasp\u011b\u0161n\u00e9ho rozvoje cyklostezek. Nap\u0159\u00edklad cyklostezka pod\u00e9l \u0159eky Vltavy v Praze nab\u00edz\u00ed kr\u00e1sn\u00e9 v\u00fdhledy a bezpe\u010dn\u00fd prostor pro cyklisty. Dal\u0161\u00edm p\u0159\u00edkladem je cyklostezka spojuj\u00edc\u00ed Brno a Vy\u0161kov, kter\u00e1 usnad\u0148uje dopravu mezi t\u011bmito m\u011bsty a podporuje cyklistiku jako alternativn\u00ed zp\u016fsob dopravy. Pro za\u010d\u00e1te\u010dn\u00edky je d\u016fle\u017eit\u00e9 vybrat si cyklostezku, kter\u00e1 odpov\u00edd\u00e1 jejich \u00farovni dovednost\u00ed a fyzick\u00e9 kondici, aby si j\u00edzdu u\u017eili a c\u00edtili se bezpe\u010dn\u011b.<\/p><h2>V\u00fdhody a nev\u00fdhody<\/h2><p>Rozvoj cyklostezek p\u0159in\u00e1\u0161\u00ed \u0159adu v\u00fdhod. Mezi hlavn\u00ed pat\u0159\u00ed zv\u00fd\u0161en\u00ed bezpe\u010dnosti cyklist\u016f, podpora ekologick\u00e9 dopravy a zlep\u0161en\u00ed kvality ovzdu\u0161\u00ed. Cyklostezky tak\u00e9 p\u0159isp\u00edvaj\u00ed k rozvoji m\u00edstn\u00ed ekonomiky, proto\u017ee p\u0159itahuj\u00ed turisty a podporuj\u00ed m\u00edstn\u00ed podniky. Na druhou stranu existuj\u00ed i nev\u00fdhody, jako jsou vysok\u00e9 n\u00e1klady na v\u00fdstavbu a \u00fadr\u017ebu cyklostezek a potenci\u00e1ln\u00ed konflikty s automobilov\u00fdm provozem v oblastech, kde se cyklostezky k\u0159\u00ed\u017e\u00ed s silnicemi. Je d\u016fle\u017eit\u00e9 naj\u00edt rovnov\u00e1hu mezi pot\u0159ebami cyklist\u016f a ostatn\u00edch \u00fa\u010dastn\u00edk\u016f silni\u010dn\u00edho provozu.<\/p><h2>Dal\u0161\u00ed poznatky<\/h2><p>P\u0159i rozvoji cyklostezek je d\u016fle\u017eit\u00e9 br\u00e1t v \u00favahu i specifick\u00e9 pot\u0159eby r\u016fzn\u00fdch skupin cyklist\u016f, jako jsou d\u011bti, senio\u0159i nebo osoby se zdravotn\u00edm posti\u017een\u00edm. Odborn\u00edci doporu\u010duj\u00ed tak\u00e9 zahrnout do pl\u00e1nov\u00e1n\u00ed cyklostezek prvky, kter\u00e9 podporuj\u00ed bezpe\u010dn\u00e9 parkov\u00e1n\u00ed bicykl\u016f a jejich \u00fadr\u017ebu. Dal\u0161\u00edm tipem je organizace cyklistick\u00fdch akc\u00ed a kampan\u00ed, kter\u00e9 motivuj\u00ed obyvatele k vyu\u017e\u00edv\u00e1n\u00ed cyklistiky jako ka\u017edodenn\u00edho zp\u016fsobu dopravy.<\/p><h2>Z\u00e1v\u011br<\/h2><p>Rozvoj cyklostezek m\u00e1 z\u00e1sadn\u00ed v\u00fdznam pro m\u011bstskou mobilitu v \u010cesk\u00e9 republice. Pom\u00e1h\u00e1 zlep\u0161ovat bezpe\u010dnost cyklist\u016f, podporuje ekologickou dopravu a p\u0159isp\u00edv\u00e1 k celkov\u00e9 kvalit\u011b \u017eivota ve m\u011bstech. Pro za\u010d\u00e1te\u010dn\u00edky je d\u016fle\u017eit\u00e9 se informovat o dostupn\u00fdch cyklostezk\u00e1ch a jejich v\u00fdhod\u00e1ch. Doporu\u010dujeme zapojit se do m\u00edstn\u00edch cyklistick\u00fdch komunit a sledovat novinky v oblasti rozvoje cyklostezek, aby se mohli aktivn\u011b pod\u00edlet na zlep\u0161ov\u00e1n\u00ed m\u011bstsk\u00e9 mobility.<\/p><\/p>\n","protected":false},"excerpt":{"rendered":"<p>\u00davod V posledn\u00edch letech se v \u010cesk\u00e9 republice st\u00e1le v\u00edce diskutuje o rozvoji cyklostezek a jejich v\u00fdznamu pro m\u011bstskou mobilitu. Cyklostezky p\u0159edstavuj\u00ed nejen bezpe\u010dn\u00fd prostor pro cyklisty, ale tak\u00e9 p\u0159isp\u00edvaj\u00ed k ekologi\u010dt\u011bj\u0161\u00edmu zp\u016fsobu dopravy. Pro za\u010d\u00e1te\u010dn\u00edky, kte\u0159\u00ed se cht\u011bj\u00ed zapojit do cyklistiky jako alternativy k automobilov\u00e9 doprav\u011b, je d\u016fle\u017eit\u00e9 pochopit, jak cyklostezky funguj\u00ed a jak [&hellip;]<\/p>\n","protected":false},"author":1,"featured_media":0,"comment_status":"closed","ping_status":"open","sticky":false,"template":"","format":"standard","meta":{"footnotes":""},"categories":[1],"tags":[],"class_list":["post-107951","post","type-post","status-publish","format-standard","hentry","category-sem-categoria"],"yoast_head":"<!-- This site is optimized with the Yoast SEO plugin v28.1 - https:\/\/yoast.com\/product\/yoast-seo-wordpress\/ -->\n<title>Rozvoj cyklostezek a jejich v\u00fdznam pro m\u011bstskou mobilitu - Infobarra<\/title>\n<meta name=\"description\" content=\"Provedor de Internet em Barra do Gar\u00e7as - MT\" \/>\n<meta name=\"robots\" content=\"index, follow, max-snippet:-1, max-image-preview:large, max-video-preview:-1\" \/>\n<link rel=\"canonical\" href=\"https:\/\/infobarra.net.br\/index.php\/2026\/08\/18\/rozvoj-cyklostezek-a-jejich-vyznam-pro-mestskou-mobilitu\/\" \/>\n<meta property=\"og:locale\" content=\"pt_BR\" \/>\n<meta property=\"og:type\" content=\"article\" \/>\n<meta property=\"og:title\" content=\"Rozvoj cyklostezek a jejich v\u00fdznam pro m\u011bstskou mobilitu - Infobarra\" \/>\n<meta property=\"og:description\" content=\"Provedor de Internet em Barra do Gar\u00e7as - MT\" \/>\n<meta property=\"og:url\" content=\"https:\/\/infobarra.net.br\/index.php\/2026\/08\/18\/rozvoj-cyklostezek-a-jejich-vyznam-pro-mestskou-mobilitu\/\" \/>\n<meta property=\"og:site_name\" content=\"Infobarra\" \/>\n<meta property=\"article:published_time\" content=\"2026-08-19T02:05:29+00:00\" \/>\n<meta name=\"author\" content=\"rafael\" \/>\n<meta name=\"twitter:card\" content=\"summary_large_image\" \/>\n<meta name=\"twitter:label1\" content=\"Escrito por\" \/>\n\t<meta name=\"twitter:data1\" content=\"rafael\" \/>\n\t<meta name=\"twitter:label2\" content=\"Est. tempo de leitura\" \/>\n\t<meta name=\"twitter:data2\" content=\"3 minutos\" \/>\n<script type=\"application\/ld+json\" class=\"yoast-schema-graph\">{\"@context\":\"https:\\\/\\\/schema.org\",\"@graph\":[{\"@type\":\"Article\",\"@id\":\"https:\\\/\\\/infobarra.net.br\\\/index.php\\\/2026\\\/08\\\/18\\\/rozvoj-cyklostezek-a-jejich-vyznam-pro-mestskou-mobilitu\\\/#article\",\"isPartOf\":{\"@id\":\"https:\\\/\\\/infobarra.net.br\\\/index.php\\\/2026\\\/08\\\/18\\\/rozvoj-cyklostezek-a-jejich-vyznam-pro-mestskou-mobilitu\\\/\"},\"author\":{\"name\":\"rafael\",\"@id\":\"https:\\\/\\\/infobarra.net.br\\\/#\\\/schema\\\/person\\\/4526a22ff444a2e034651dd7856cf534\"},\"headline\":\"Rozvoj cyklostezek a jejich v\u00fdznam pro m\u011bstskou mobilitu\",\"datePublished\":\"2026-08-19T02:05:29+00:00\",\"mainEntityOfPage\":{\"@id\":\"https:\\\/\\\/infobarra.net.br\\\/index.php\\\/2026\\\/08\\\/18\\\/rozvoj-cyklostezek-a-jejich-vyznam-pro-mestskou-mobilitu\\\/\"},\"wordCount\":714,\"inLanguage\":\"pt-BR\"},{\"@type\":\"WebPage\",\"@id\":\"https:\\\/\\\/infobarra.net.br\\\/index.php\\\/2026\\\/08\\\/18\\\/rozvoj-cyklostezek-a-jejich-vyznam-pro-mestskou-mobilitu\\\/\",\"url\":\"https:\\\/\\\/infobarra.net.br\\\/index.php\\\/2026\\\/08\\\/18\\\/rozvoj-cyklostezek-a-jejich-vyznam-pro-mestskou-mobilitu\\\/\",\"name\":\"Rozvoj cyklostezek a jejich v\u00fdznam pro m\u011bstskou mobilitu - Infobarra\",\"isPartOf\":{\"@id\":\"https:\\\/\\\/infobarra.net.br\\\/#website\"},\"datePublished\":\"2026-08-19T02:05:29+00:00\",\"author\":{\"@id\":\"https:\\\/\\\/infobarra.net.br\\\/#\\\/schema\\\/person\\\/4526a22ff444a2e034651dd7856cf534\"},\"description\":\"Provedor de Internet em Barra do Gar\u00e7as - MT\",\"breadcrumb\":{\"@id\":\"https:\\\/\\\/infobarra.net.br\\\/index.php\\\/2026\\\/08\\\/18\\\/rozvoj-cyklostezek-a-jejich-vyznam-pro-mestskou-mobilitu\\\/#breadcrumb\"},\"inLanguage\":\"pt-BR\",\"potentialAction\":[{\"@type\":\"ReadAction\",\"target\":[\"https:\\\/\\\/infobarra.net.br\\\/index.php\\\/2026\\\/08\\\/18\\\/rozvoj-cyklostezek-a-jejich-vyznam-pro-mestskou-mobilitu\\\/\"]}]},{\"@type\":\"BreadcrumbList\",\"@id\":\"https:\\\/\\\/infobarra.net.br\\\/index.php\\\/2026\\\/08\\\/18\\\/rozvoj-cyklostezek-a-jejich-vyznam-pro-mestskou-mobilitu\\\/#breadcrumb\",\"itemListElement\":[{\"@type\":\"ListItem\",\"position\":1,\"name\":\"In\u00edcio\",\"item\":\"https:\\\/\\\/infobarra.net.br\\\/\"},{\"@type\":\"ListItem\",\"position\":2,\"name\":\"Rozvoj cyklostezek a jejich v\u00fdznam pro m\u011bstskou mobilitu\"}]},{\"@type\":\"WebSite\",\"@id\":\"https:\\\/\\\/infobarra.net.br\\\/#website\",\"url\":\"https:\\\/\\\/infobarra.net.br\\\/\",\"name\":\"Infobarra\",\"description\":\"A Internet Do Seu Jeito\",\"potentialAction\":[{\"@type\":\"SearchAction\",\"target\":{\"@type\":\"EntryPoint\",\"urlTemplate\":\"https:\\\/\\\/infobarra.net.br\\\/?s={search_term_string}\"},\"query-input\":{\"@type\":\"PropertyValueSpecification\",\"valueRequired\":true,\"valueName\":\"search_term_string\"}}],\"inLanguage\":\"pt-BR\"},{\"@type\":\"Person\",\"@id\":\"https:\\\/\\\/infobarra.net.br\\\/#\\\/schema\\\/person\\\/4526a22ff444a2e034651dd7856cf534\",\"name\":\"rafael\",\"image\":{\"@type\":\"ImageObject\",\"inLanguage\":\"pt-BR\",\"@id\":\"https:\\\/\\\/secure.gravatar.com\\\/avatar\\\/e15f148fa39d1e68264371d1ed838cfbcdc6654fbac69de0e790fc95285a268a?s=96&d=mm&r=g\",\"url\":\"https:\\\/\\\/secure.gravatar.com\\\/avatar\\\/e15f148fa39d1e68264371d1ed838cfbcdc6654fbac69de0e790fc95285a268a?s=96&d=mm&r=g\",\"contentUrl\":\"https:\\\/\\\/secure.gravatar.com\\\/avatar\\\/e15f148fa39d1e68264371d1ed838cfbcdc6654fbac69de0e790fc95285a268a?s=96&d=mm&r=g\",\"caption\":\"rafael\"},\"url\":\"https:\\\/\\\/infobarra.net.br\\\/index.php\\\/author\\\/rafael\\\/\"}]}<\/script>\n<!-- \/ Yoast SEO plugin. -->","yoast_head_json":{"title":"Rozvoj cyklostezek a jejich v\u00fdznam pro m\u011bstskou mobilitu - Infobarra","description":"Provedor de Internet em Barra do Gar\u00e7as - MT","robots":{"index":"index","follow":"follow","max-snippet":"max-snippet:-1","max-image-preview":"max-image-preview:large","max-video-preview":"max-video-preview:-1"},"canonical":"https:\/\/infobarra.net.br\/index.php\/2026\/08\/18\/rozvoj-cyklostezek-a-jejich-vyznam-pro-mestskou-mobilitu\/","og_locale":"pt_BR","og_type":"article","og_title":"Rozvoj cyklostezek a jejich v\u00fdznam pro m\u011bstskou mobilitu - Infobarra","og_description":"Provedor de Internet em Barra do Gar\u00e7as - MT","og_url":"https:\/\/infobarra.net.br\/index.php\/2026\/08\/18\/rozvoj-cyklostezek-a-jejich-vyznam-pro-mestskou-mobilitu\/","og_site_name":"Infobarra","article_published_time":"2026-08-19T02:05:29+00:00","author":"rafael","twitter_card":"summary_large_image","twitter_misc":{"Escrito por":"rafael","Est. tempo de leitura":"3 minutos"},"schema":{"@context":"https:\/\/schema.org","@graph":[{"@type":"Article","@id":"https:\/\/infobarra.net.br\/index.php\/2026\/08\/18\/rozvoj-cyklostezek-a-jejich-vyznam-pro-mestskou-mobilitu\/#article","isPartOf":{"@id":"https:\/\/infobarra.net.br\/index.php\/2026\/08\/18\/rozvoj-cyklostezek-a-jejich-vyznam-pro-mestskou-mobilitu\/"},"author":{"name":"rafael","@id":"https:\/\/infobarra.net.br\/#\/schema\/person\/4526a22ff444a2e034651dd7856cf534"},"headline":"Rozvoj cyklostezek a jejich v\u00fdznam pro m\u011bstskou mobilitu","datePublished":"2026-08-19T02:05:29+00:00","mainEntityOfPage":{"@id":"https:\/\/infobarra.net.br\/index.php\/2026\/08\/18\/rozvoj-cyklostezek-a-jejich-vyznam-pro-mestskou-mobilitu\/"},"wordCount":714,"inLanguage":"pt-BR"},{"@type":"WebPage","@id":"https:\/\/infobarra.net.br\/index.php\/2026\/08\/18\/rozvoj-cyklostezek-a-jejich-vyznam-pro-mestskou-mobilitu\/","url":"https:\/\/infobarra.net.br\/index.php\/2026\/08\/18\/rozvoj-cyklostezek-a-jejich-vyznam-pro-mestskou-mobilitu\/","name":"Rozvoj cyklostezek a jejich v\u00fdznam pro m\u011bstskou mobilitu - Infobarra","isPartOf":{"@id":"https:\/\/infobarra.net.br\/#website"},"datePublished":"2026-08-19T02:05:29+00:00","author":{"@id":"https:\/\/infobarra.net.br\/#\/schema\/person\/4526a22ff444a2e034651dd7856cf534"},"description":"Provedor de Internet em Barra do Gar\u00e7as - MT","breadcrumb":{"@id":"https:\/\/infobarra.net.br\/index.php\/2026\/08\/18\/rozvoj-cyklostezek-a-jejich-vyznam-pro-mestskou-mobilitu\/#breadcrumb"},"inLanguage":"pt-BR","potentialAction":[{"@type":"ReadAction","target":["https:\/\/infobarra.net.br\/index.php\/2026\/08\/18\/rozvoj-cyklostezek-a-jejich-vyznam-pro-mestskou-mobilitu\/"]}]},{"@type":"BreadcrumbList","@id":"https:\/\/infobarra.net.br\/index.php\/2026\/08\/18\/rozvoj-cyklostezek-a-jejich-vyznam-pro-mestskou-mobilitu\/#breadcrumb","itemListElement":[{"@type":"ListItem","position":1,"name":"In\u00edcio","item":"https:\/\/infobarra.net.br\/"},{"@type":"ListItem","position":2,"name":"Rozvoj cyklostezek a jejich v\u00fdznam pro m\u011bstskou mobilitu"}]},{"@type":"WebSite","@id":"https:\/\/infobarra.net.br\/#website","url":"https:\/\/infobarra.net.br\/","name":"Infobarra","description":"A Internet Do Seu Jeito","potentialAction":[{"@type":"SearchAction","target":{"@type":"EntryPoint","urlTemplate":"https:\/\/infobarra.net.br\/?s={search_term_string}"},"query-input":{"@type":"PropertyValueSpecification","valueRequired":true,"valueName":"search_term_string"}}],"inLanguage":"pt-BR"},{"@type":"Person","@id":"https:\/\/infobarra.net.br\/#\/schema\/person\/4526a22ff444a2e034651dd7856cf534","name":"rafael","image":{"@type":"ImageObject","inLanguage":"pt-BR","@id":"https:\/\/secure.gravatar.com\/avatar\/e15f148fa39d1e68264371d1ed838cfbcdc6654fbac69de0e790fc95285a268a?s=96&d=mm&r=g","url":"https:\/\/secure.gravatar.com\/avatar\/e15f148fa39d1e68264371d1ed838cfbcdc6654fbac69de0e790fc95285a268a?s=96&d=mm&r=g","contentUrl":"https:\/\/secure.gravatar.com\/avatar\/e15f148fa39d1e68264371d1ed838cfbcdc6654fbac69de0e790fc95285a268a?s=96&d=mm&r=g","caption":"rafael"},"url":"https:\/\/infobarra.net.br\/index.php\/author\/rafael\/"}]}},"_links":{"self":[{"href":"https:\/\/infobarra.net.br\/index.php\/wp-json\/wp\/v2\/posts\/107951","targetHints":{"allow":["GET"]}}],"collection":[{"href":"https:\/\/infobarra.net.br\/index.php\/wp-json\/wp\/v2\/posts"}],"about":[{"href":"https:\/\/infobarra.net.br\/index.php\/wp-json\/wp\/v2\/types\/post"}],"author":[{"embeddable":true,"href":"https:\/\/infobarra.net.br\/index.php\/wp-json\/wp\/v2\/users\/1"}],"replies":[{"embeddable":true,"href":"https:\/\/infobarra.net.br\/index.php\/wp-json\/wp\/v2\/comments?post=107951"}],"version-history":[{"count":1,"href":"https:\/\/infobarra.net.br\/index.php\/wp-json\/wp\/v2\/posts\/107951\/revisions"}],"predecessor-version":[{"id":107952,"href":"https:\/\/infobarra.net.br\/index.php\/wp-json\/wp\/v2\/posts\/107951\/revisions\/107952"}],"wp:attachment":[{"href":"https:\/\/infobarra.net.br\/index.php\/wp-json\/wp\/v2\/media?parent=107951"}],"wp:term":[{"taxonomy":"category","embeddable":true,"href":"https:\/\/infobarra.net.br\/index.php\/wp-json\/wp\/v2\/categories?post=107951"},{"taxonomy":"post_tag","embeddable":true,"href":"https:\/\/infobarra.net.br\/index.php\/wp-json\/wp\/v2\/tags?post=107951"}],"curies":[{"name":"wp","href":"https:\/\/api.w.org\/{rel}","templated":true}]}}